{"id":676,"date":"2015-05-26T15:44:34","date_gmt":"2015-05-26T19:44:34","guid":{"rendered":"http:\/\/iblog.dearbornschools.org\/chasen\/?p=676"},"modified":"2015-05-26T15:44:34","modified_gmt":"2015-05-26T19:44:34","slug":"camp-information","status":"publish","type":"post","link":"https:\/\/iblog.dearbornschools.org\/chasen\/2015\/05\/26\/camp-information\/","title":{"rendered":"Camp Information"},"content":{"rendered":"<p><strong><em>Camp Pinewood Information for Fall 2015<\/em><\/strong><\/p>\n<p>Dear Parents and Guardians of Incoming 5<sup>th<\/sup> Grade students,<\/p>\n<p><strong>Our annual 5<sup>th<\/sup> Grade field trip to Camp Pinewood is scheduled for October 7-9, 2015.\u00a0\u00a0 Here are some dates, and numbers to help you plan for the upcoming trip.<\/strong><\/p>\n<ul>\n<li>Camp Date: October 7-9 (W, Th, F)<\/li>\n<li>Camp Cost is approximately $94.00<\/li>\n<li>We need 8-10 male chaperones<\/li>\n<li>We need 8-10 female chaperones<\/li>\n<li>All chaperones must have a current background check on file at Snow elementary. <em>For information on how to get a background check please stop in the school office before June 5, 2015.<\/em><\/li>\n<li>In mid-September there will be an informational meeting for parents\/guardians with the Camp Pinewood Director, and 5<sup>th<\/sup> grade teachers.<\/li>\n<li>All details will be finalized in a letter when we return to school in September.<\/li>\n<\/ul>\n<p>Thank you,<\/p>\n<p>Mr. DeSantis, 5<sup>th<\/sup> Grade Teacher<\/p>\n<p>Mrs. Doner, 5<sup>th<\/sup> Grade Teacher<\/p>\n<p><strong>Dearborn accepts a parent\u2019s assertion that he or she needs language assistance without requiring additional corroboration.<\/strong><\/p>\n<p>\u0645\u062f\u064a\u0646\u0629 \u062f\u064a\u0631\u0628\u0648\u0631\u0646 \u062a\u0648\u0641\u0631 \u0639\u0646\u062f \u0627\u0644\u062d\u0627\u062c\u0629 \u062e\u062f\u0645\u0627\u062a \u0627\u0644\u062a\u0631\u062c\u0645\u0629 \u0644\u0644\u0623\u0647\u0627\u0644\u064a<\/p>\n<p><strong>If you have difficulty understanding this notification, please call the Bilingual and Compensatory Education office at 827-3007.<\/strong><\/p>\n<p>ALBANIAN: Ju lutemi telefononi zyr\u00ebn e Programit Dygjuh\u00ebsor n\u00eb 827-3007 p\u00ebr colo v\u00ebshtir\u00ebsi n\u00eb kuptimin e k\u00ebtij njoftimi.<\/p>\n<p>ARABIC \u0625\u0630\u0627 \u0643\u0627\u0646 \u0644\u062f\u064a\u0643 \u0623\u064a\u0629 \u0627\u0633\u062a\u0641\u0633\u0627\u0631\u0627\u062a\u060c \u0627\u0644\u0631\u062c\u0627\u0621 \u0627\u0644\u0627\u062a\u0635\u0627\u0644 \u0628\u0627\u0644\u0645\u0643\u062a\u0628 \u062b\u0646\u0627\u0626\u064a \u0627\u0644\u0644\u063a\u0629 \u0639\u0644\u0649 \u0631\u0642\u06453007- 827.<\/p>\n<p>ITALIAN:\u00a0 Chiamano l\u2019ufficio Bilingual and Compensatory Education 827-3007 se incontrano difficolt\u00e0\u00a0 a capire questae nota.<\/p>\n<p>ROMANIAN:\u00a0 Daca nu intelegeti acest mesaj va rugam sa sunati la biroul Bilingual cu numarul 827-3007.<\/p>\n<p>SPANISH:\u00a0 Por favor, llamen la oficina de Bilingual and Compensatory Education 827-3007se no comprendon esta nota.<\/p>\n","protected":false},"excerpt":{"rendered":"<p>Camp Pinewood Information for Fall 2015 Dear Parents and Guardians of Incoming 5th Grade students, Our annual 5th Grade field trip to Camp Pinewood is scheduled for October 7-9, 2015.\u00a0\u00a0 Here are some dates, and numbers to help you plan for the upcoming trip. Camp Date: October 7-9 (W, Th, F) Camp Cost is approximately [&hellip;]<\/p>\n","protected":false},"author":385,"featured_media":0,"comment_status":"open","ping_status":"closed","sticky":false,"template":"","format":"standard","meta":{"footnotes":""},"categories":[1],"tags":[],"class_list":["post-676","post","type-post","status-publish","format-standard","hentry","category-class-news"],"_links":{"self":[{"href":"https:\/\/iblog.dearbornschools.org\/chasen\/wp-json\/wp\/v2\/posts\/676","targetHints":{"allow":["GET"]}}],"collection":[{"href":"https:\/\/iblog.dearbornschools.org\/chasen\/wp-json\/wp\/v2\/posts"}],"about":[{"href":"https:\/\/iblog.dearbornschools.org\/chasen\/wp-json\/wp\/v2\/types\/post"}],"author":[{"embeddable":true,"href":"https:\/\/iblog.dearbornschools.org\/chasen\/wp-json\/wp\/v2\/users\/385"}],"replies":[{"embeddable":true,"href":"https:\/\/iblog.dearbornschools.org\/chasen\/wp-json\/wp\/v2\/comments?post=676"}],"version-history":[{"count":0,"href":"https:\/\/iblog.dearbornschools.org\/chasen\/wp-json\/wp\/v2\/posts\/676\/revisions"}],"wp:attachment":[{"href":"https:\/\/iblog.dearbornschools.org\/chasen\/wp-json\/wp\/v2\/media?parent=676"}],"wp:term":[{"taxonomy":"category","embeddable":true,"href":"https:\/\/iblog.dearbornschools.org\/chasen\/wp-json\/wp\/v2\/categories?post=676"},{"taxonomy":"post_tag","embeddable":true,"href":"https:\/\/iblog.dearbornschools.org\/chasen\/wp-json\/wp\/v2\/tags?post=676"}],"curies":[{"name":"wp","href":"https:\/\/api.w.org\/{rel}","templated":true}]}}